{"id":154,"date":"2023-06-08T05:47:43","date_gmt":"2023-06-08T05:47:43","guid":{"rendered":"https:\/\/136.117.241.81\/?post_type=epkb_post_type_1&#038;p=154"},"modified":"2023-06-08T05:48:09","modified_gmt":"2023-06-08T05:48:09","slug":"historia-fiaes","status":"publish","type":"epkb_post_type_1","link":"https:\/\/help.fiaes.org.sv\/?epkb_post_type_1=historia-fiaes","title":{"rendered":"Historia FIAES"},"content":{"rendered":"\n<p><strong>FONDO DE INVERSI\u00d3N AMBIENTAL DE EL SALVADOR, FIAES.<\/strong><\/p>\n\n\n\n<p>FIAES, se origin\u00f3 en 1993 gracias a un acuerdo de reducci\u00f3n de deuda externa por naturaleza entre los gobiernos de los Estados Unidos de Am\u00e9rica y El Salvador, con la finalidad de apoyar el crecimiento sostenible y la conservaci\u00f3n de los recursos naturales.&nbsp; El surgimiento de los fondos ambientales a nivel global se da en el marco de la celebraci\u00f3n de la Cumbre de la Tierra de R\u00edo de Janeiro, en 1992.<\/p>\n\n\n\n<p>FIAES, con m\u00e1s de 28 a\u00f1os de trayectoria, es un fondo de&nbsp;&nbsp;restauraci\u00f3n ambiental robusto y sostenible, que trabaja en coordinaci\u00f3n con el&nbsp;<strong>Ministerio de Medio Ambiente y Recursos Naturales&nbsp;<\/strong>y en alianza con diversas&nbsp;<strong>organizaciones nacionales e internacionales<\/strong>,&nbsp;<strong>entidades p\u00fablicas, empresas y&nbsp;<\/strong>&nbsp;<strong>cooperantes<\/strong>, implementando acciones para garantizar el rescate, restauraci\u00f3n de los ecosistemas y la&nbsp;&nbsp;conservaci\u00f3n del medioambiente en nuestro pa\u00eds.<\/p>\n\n\n\n<p>Gracias al aprendizaje continuo y al fortalecimiento de su estructura y capacidad operativa, FIAES actualmente se ha convertido en una&nbsp;<strong>plataforma para la implementaci\u00f3n de proyectos diversos con alcance nacional<\/strong>, que reportan impactos positivos en el medioambiente para nuestro pa\u00eds y la regi\u00f3n.<\/p>\n\n\n\n<p>Los&nbsp;<strong>aspectos econ\u00f3mico, social y ambiental<\/strong>, son los tres ejes principales de trabajo territorial de FIAES y que&nbsp;&nbsp;adem\u00e1s son aspectos que se encuentran interrelacionados como un sistema integral: Los ejes econ\u00f3mico y&nbsp;&nbsp;social en una relaci\u00f3n sin\u00e9rgica con lo ambiental.&nbsp;<\/p>\n\n\n\n<p>Teniendo como base de acci\u00f3n la promoci\u00f3n de la gobernanza, lo cual fortalece la capacidad de autogesti\u00f3n de las comunidades para la sostenibilidad de los proyectos implementados.<\/p>\n","protected":false},"excerpt":{"rendered":"<p>FONDO DE INVERSI\u00d3N AMBIENTAL DE EL SALVADOR, FIAES. FIAES, se origin\u00f3 en 1993 gracias a un acuerdo de reducci\u00f3n de deuda externa por naturaleza entre los gobiernos de los Estados Unidos de Am\u00e9rica y El Salvador, con la finalidad de apoyar el crecimiento sostenible y &hellip; <\/p>\n","protected":false},"author":1,"featured_media":0,"comment_status":"open","ping_status":"closed","template":"","meta":{"footnotes":""},"epkb_post_type_1_category":[2],"epkb_post_type_1_tag":[],"class_list":["post-154","epkb_post_type_1","type-epkb_post_type_1","status-publish","hentry","epkb_post_type_1_category-comenzar"],"_links":{"self":[{"href":"https:\/\/help.fiaes.org.sv\/index.php?rest_route=\/wp\/v2\/epkb_post_type_1\/154","targetHints":{"allow":["GET"]}}],"collection":[{"href":"https:\/\/help.fiaes.org.sv\/index.php?rest_route=\/wp\/v2\/epkb_post_type_1"}],"about":[{"href":"https:\/\/help.fiaes.org.sv\/index.php?rest_route=\/wp\/v2\/types\/epkb_post_type_1"}],"author":[{"embeddable":true,"href":"https:\/\/help.fiaes.org.sv\/index.php?rest_route=\/wp\/v2\/users\/1"}],"replies":[{"embeddable":true,"href":"https:\/\/help.fiaes.org.sv\/index.php?rest_route=%2Fwp%2Fv2%2Fcomments&post=154"}],"version-history":[{"count":1,"href":"https:\/\/help.fiaes.org.sv\/index.php?rest_route=\/wp\/v2\/epkb_post_type_1\/154\/revisions"}],"predecessor-version":[{"id":155,"href":"https:\/\/help.fiaes.org.sv\/index.php?rest_route=\/wp\/v2\/epkb_post_type_1\/154\/revisions\/155"}],"wp:attachment":[{"href":"https:\/\/help.fiaes.org.sv\/index.php?rest_route=%2Fwp%2Fv2%2Fmedia&parent=154"}],"wp:term":[{"taxonomy":"epkb_post_type_1_category","embeddable":true,"href":"https:\/\/help.fiaes.org.sv\/index.php?rest_route=%2Fwp%2Fv2%2Fepkb_post_type_1_category&post=154"},{"taxonomy":"epkb_post_type_1_tag","embeddable":true,"href":"https:\/\/help.fiaes.org.sv\/index.php?rest_route=%2Fwp%2Fv2%2Fepkb_post_type_1_tag&post=154"}],"curies":[{"name":"wp","href":"https:\/\/api.w.org\/{rel}","templated":true}]}}